{"id":22519,"date":"2025-02-19T15:01:22","date_gmt":"2025-02-19T18:01:22","guid":{"rendered":"https:\/\/prosap.parauapebas.pa.gov.br\/index.php\/?p=22519"},"modified":"2025-02-19T15:14:32","modified_gmt":"2025-02-19T18:14:32","slug":"complexo-turistico-e-parque-dos-ipes-se-consagram-como-principais-espacos-de-esporte-e-lazer-de-parauapebas","status":"publish","type":"post","link":"https:\/\/prosap.parauapebas.pa.gov.br\/index.php\/complexo-turistico-e-parque-dos-ipes-se-consagram-como-principais-espacos-de-esporte-e-lazer-de-parauapebas\/","title":{"rendered":"Complexo Tur\u00edstico e Parque dos Ip\u00eas se consagram como principais espa\u00e7os de esporte e lazer de Parauapebas"},"content":{"rendered":"<p style=\"text-align: center;\"><img fetchpriority=\"high\" decoding=\"async\" class=\"alignnone wp-image-22520 size-full\" src=\"https:\/\/prosap.parauapebas.pa.gov.br\/wp-content\/uploads\/2025\/02\/IMG_8795-scaled.jpg\" alt=\"\" width=\"2560\" height=\"1920\" srcset=\"https:\/\/prosap.parauapebas.pa.gov.br\/wp-content\/uploads\/2025\/02\/IMG_8795-scaled.jpg 2560w, https:\/\/prosap.parauapebas.pa.gov.br\/wp-content\/uploads\/2025\/02\/IMG_8795-300x225.jpg 300w, https:\/\/prosap.parauapebas.pa.gov.br\/wp-content\/uploads\/2025\/02\/IMG_8795-1024x768.jpg 1024w, https:\/\/prosap.parauapebas.pa.gov.br\/wp-content\/uploads\/2025\/02\/IMG_8795-768x576.jpg 768w, https:\/\/prosap.parauapebas.pa.gov.br\/wp-content\/uploads\/2025\/02\/IMG_8795-1536x1152.jpg 1536w, https:\/\/prosap.parauapebas.pa.gov.br\/wp-content\/uploads\/2025\/02\/IMG_8795-2048x1536.jpg 2048w\" sizes=\"(max-width: 2560px) 100vw, 2560px\" \/><\/p>\n<p>Pista de skate, de ciclismo e de caminhada, quadras poliesportivas (de areia, de v\u00f4lei, de basquete e de futebol de sal\u00e3o), academia ao ar livre, parquinho para as crian\u00e7as, \u00e1reas de jogos, \u00e1reas de patina\u00e7\u00e3o e \u00e1reas para zumba. Esses s\u00e3o alguns dos espa\u00e7os dispon\u00edveis no Complexo Tur\u00edstico e no Parque dos Ip\u00eas, locais que j\u00e1 viraram refer\u00eancia para aqueles que gostam de praticar os mais variados esportes e movimentar o corpo.<\/p>\n<p>Nesta quarta-feira, 19 de fevereiro, Dia do Esportista, destacamos a import\u00e2ncia desses parques, executados pela Prefeitura de Parauapebas, por meio do Programa de Saneamento Ambiental, Macrodrenagem e Recupera\u00e7\u00e3o de Igarap\u00e9s e Margens do Rio Parauapebas (Prosap), para a pr\u00e1tica esportiva e qualidade de vida das pessoas e que juntos somam, ao todo, 178 mil metros quadrados de \u00e1rea.<\/p>\n<p>Al\u00e9m disso, os locais tamb\u00e9m oferecem ambientes acess\u00edveis para contempla\u00e7\u00e3o do p\u00f4r do sol, pra\u00e7a de alimenta\u00e7\u00e3o, feirinha, espa\u00e7o cultural, \u00e1rea de patina\u00e7\u00e3o, \u00e1rea de jogos, quiosques, bosque formado por \u00e1rvores frut\u00edferas e \u00e1reas de conviv\u00eancia.<\/p>\n<p><img decoding=\"async\" class=\"alignnone wp-image-22529 size-medium\" src=\"https:\/\/prosap.parauapebas.pa.gov.br\/wp-content\/uploads\/2025\/02\/Parque-dos-ipes-fevereiro-18-300x200.jpg\" alt=\"\" width=\"300\" height=\"200\" srcset=\"https:\/\/prosap.parauapebas.pa.gov.br\/wp-content\/uploads\/2025\/02\/Parque-dos-ipes-fevereiro-18-300x200.jpg 300w, https:\/\/prosap.parauapebas.pa.gov.br\/wp-content\/uploads\/2025\/02\/Parque-dos-ipes-fevereiro-18-1024x683.jpg 1024w, https:\/\/prosap.parauapebas.pa.gov.br\/wp-content\/uploads\/2025\/02\/Parque-dos-ipes-fevereiro-18-768x512.jpg 768w, https:\/\/prosap.parauapebas.pa.gov.br\/wp-content\/uploads\/2025\/02\/Parque-dos-ipes-fevereiro-18-1536x1024.jpg 1536w, https:\/\/prosap.parauapebas.pa.gov.br\/wp-content\/uploads\/2025\/02\/Parque-dos-ipes-fevereiro-18.jpg 2048w\" sizes=\"(max-width: 300px) 100vw, 300px\" \/>\u00a0 \u00a0 \u00a0 \u00a0 <img decoding=\"async\" class=\"alignnone wp-image-22528 size-medium\" src=\"https:\/\/prosap.parauapebas.pa.gov.br\/wp-content\/uploads\/2025\/02\/Parque-dos-ipes-fevereiro-2-300x200.jpg\" alt=\"\" width=\"300\" height=\"200\" srcset=\"https:\/\/prosap.parauapebas.pa.gov.br\/wp-content\/uploads\/2025\/02\/Parque-dos-ipes-fevereiro-2-300x200.jpg 300w, https:\/\/prosap.parauapebas.pa.gov.br\/wp-content\/uploads\/2025\/02\/Parque-dos-ipes-fevereiro-2-1024x683.jpg 1024w, https:\/\/prosap.parauapebas.pa.gov.br\/wp-content\/uploads\/2025\/02\/Parque-dos-ipes-fevereiro-2-768x512.jpg 768w, https:\/\/prosap.parauapebas.pa.gov.br\/wp-content\/uploads\/2025\/02\/Parque-dos-ipes-fevereiro-2-1536x1024.jpg 1536w, https:\/\/prosap.parauapebas.pa.gov.br\/wp-content\/uploads\/2025\/02\/Parque-dos-ipes-fevereiro-2.jpg 2048w\" sizes=\"(max-width: 300px) 100vw, 300px\" \/>\u00a0 \u00a0 \u00a0 \u00a0\u00a0 \u00a0 \u00a0 \u00a0<img loading=\"lazy\" decoding=\"async\" class=\"alignnone wp-image-22526 size-medium\" src=\"https:\/\/prosap.parauapebas.pa.gov.br\/wp-content\/uploads\/2025\/02\/basquete-300x202.jpg\" alt=\"\" width=\"300\" height=\"202\" srcset=\"https:\/\/prosap.parauapebas.pa.gov.br\/wp-content\/uploads\/2025\/02\/basquete-300x202.jpg 300w, https:\/\/prosap.parauapebas.pa.gov.br\/wp-content\/uploads\/2025\/02\/basquete-1024x691.jpg 1024w, https:\/\/prosap.parauapebas.pa.gov.br\/wp-content\/uploads\/2025\/02\/basquete-768x518.jpg 768w, https:\/\/prosap.parauapebas.pa.gov.br\/wp-content\/uploads\/2025\/02\/basquete-1536x1036.jpg 1536w, https:\/\/prosap.parauapebas.pa.gov.br\/wp-content\/uploads\/2025\/02\/basquete-2048x1382.jpg 2048w\" sizes=\"(max-width: 300px) 100vw, 300px\" \/>\u00a0 \u00a0 \u00a0 <img loading=\"lazy\" decoding=\"async\" class=\"alignnone wp-image-22527 size-medium\" src=\"https:\/\/prosap.parauapebas.pa.gov.br\/wp-content\/uploads\/2025\/02\/patins-175x300.png\" alt=\"\" width=\"175\" height=\"300\" srcset=\"https:\/\/prosap.parauapebas.pa.gov.br\/wp-content\/uploads\/2025\/02\/patins-175x300.png 175w, https:\/\/prosap.parauapebas.pa.gov.br\/wp-content\/uploads\/2025\/02\/patins-596x1024.png 596w, https:\/\/prosap.parauapebas.pa.gov.br\/wp-content\/uploads\/2025\/02\/patins.png 747w\" sizes=\"(max-width: 175px) 100vw, 175px\" \/><\/p>\n<p><strong>Parque dos Ip\u00eas<\/strong><\/p>\n<p><strong>\u00a0<\/strong>Com \u00e1rea total de 28 mil metros quadrados, o parque foi entregue \u00e0 comunidade, ainda, em junho de 2022 como parte das obras da primeira etapa do Projeto de Revitaliza\u00e7\u00e3o e Recupera\u00e7\u00e3o do Igarap\u00e9 Lajeado.<\/p>\n<p>\u201cAqui, incentivamos a pr\u00e1tica de esportes como handebol, futebol, v\u00f4lei, queimada, ciclismo e esportes radicais, proporcionando um ambiente adequado para a atividade f\u00edsica. Al\u00e9m disso, fortalecemos o esporte por meio de parcerias com institui\u00e7\u00f5es, Organiza\u00e7\u00f5es N\u00e3o Governamentais (ONG\u2019s), projetos esportivos e outras secretarias do munic\u00edpio, ampliando o acesso ao esporte para todas as faixas et\u00e1rias\u201d, explica a coordenadora do Parque dos Ip\u00eas, Mikaely Fernandes, complementando que objetivo \u00e9 fazer do local uma refer\u00eancia para o desenvolvimento esportivo e a qualidade de vida da comunidade.<\/p>\n<p>Localizado \u00e0s margens da PA-160, no bairro Tropical, o parque \u00e9 fechado apenas \u00e0s segundas-feiras para limpeza e manuten\u00e7\u00e3o e aberto para popula\u00e7\u00e3o das 7h \u00e0s 21h, com acesso gratuito e controlado.<\/p>\n<p>Para o agendamento de eventos e utiliza\u00e7\u00e3o de alguns dos espa\u00e7os, a comunidade pode entrar em contato via mensagem de <strong>WhatsApp pelo telefone: (94) 9 8129-2656.<\/strong><\/p>\n<p><img loading=\"lazy\" decoding=\"async\" class=\"alignnone wp-image-22521 size-large\" src=\"https:\/\/prosap.parauapebas.pa.gov.br\/wp-content\/uploads\/2025\/02\/Parque-dos-ipes-fevereiro-8-1024x683.jpg\" alt=\"\" width=\"800\" height=\"534\" srcset=\"https:\/\/prosap.parauapebas.pa.gov.br\/wp-content\/uploads\/2025\/02\/Parque-dos-ipes-fevereiro-8-1024x683.jpg 1024w, https:\/\/prosap.parauapebas.pa.gov.br\/wp-content\/uploads\/2025\/02\/Parque-dos-ipes-fevereiro-8-300x200.jpg 300w, https:\/\/prosap.parauapebas.pa.gov.br\/wp-content\/uploads\/2025\/02\/Parque-dos-ipes-fevereiro-8-768x512.jpg 768w, https:\/\/prosap.parauapebas.pa.gov.br\/wp-content\/uploads\/2025\/02\/Parque-dos-ipes-fevereiro-8-1536x1024.jpg 1536w, https:\/\/prosap.parauapebas.pa.gov.br\/wp-content\/uploads\/2025\/02\/Parque-dos-ipes-fevereiro-8.jpg 2048w\" sizes=\"(max-width: 800px) 100vw, 800px\" \/><\/p>\n<p><img loading=\"lazy\" decoding=\"async\" class=\"alignnone wp-image-22522 size-large\" src=\"https:\/\/prosap.parauapebas.pa.gov.br\/wp-content\/uploads\/2025\/02\/Parque-dos-ipes-fevereiro-27-1024x683.jpg\" alt=\"\" width=\"800\" height=\"534\" srcset=\"https:\/\/prosap.parauapebas.pa.gov.br\/wp-content\/uploads\/2025\/02\/Parque-dos-ipes-fevereiro-27-1024x683.jpg 1024w, https:\/\/prosap.parauapebas.pa.gov.br\/wp-content\/uploads\/2025\/02\/Parque-dos-ipes-fevereiro-27-300x200.jpg 300w, https:\/\/prosap.parauapebas.pa.gov.br\/wp-content\/uploads\/2025\/02\/Parque-dos-ipes-fevereiro-27-768x512.jpg 768w, https:\/\/prosap.parauapebas.pa.gov.br\/wp-content\/uploads\/2025\/02\/Parque-dos-ipes-fevereiro-27-1536x1024.jpg 1536w, https:\/\/prosap.parauapebas.pa.gov.br\/wp-content\/uploads\/2025\/02\/Parque-dos-ipes-fevereiro-27.jpg 2048w\" sizes=\"(max-width: 800px) 100vw, 800px\" \/><\/p>\n<p><strong>Complexo Tur\u00edstico<\/strong><\/p>\n<p>Com \u00e1rea total de 150 mil metros quadrados, o local foi inaugurado em dezembro de 2022, fruto de uma parceria financeira entre a gest\u00e3o municipal e o Banco Interamericano de Desenvolvimento (BID), como parte da primeira etapa do Projeto de Recupera\u00e7\u00e3o e Revitaliza\u00e7\u00e3o do Igarap\u00e9 Ilha do Coco.<\/p>\n<p>O espa\u00e7o tamb\u00e9m se destaca na \u00e1rea ambiental por estar inserido na <strong>\u00c1rea de Prote\u00e7\u00e3o Ambiental (APA) Igarap\u00e9 Ilha do Coco<\/strong> e ser localizado ao lado da <strong>Unidade de Conserva\u00e7\u00e3o (UC) Morro dos Ventos<\/strong>.<\/p>\n<p>\u201cEu gosto dessa simbiose que o complexo proporciona de estarmos pedalando em um ambiente muito pr\u00f3ximo \u00e0 natureza. O espa\u00e7o contribui com a nossa qualidade de vida e promove mais sa\u00fade f\u00edsica e mental, al\u00e9m de permitir a socializa\u00e7\u00e3o entre as pessoas; \u00e9 uma excelente op\u00e7\u00e3o para os exerc\u00edcios f\u00edsicos!\u201d, comenta Ezio Fran\u00e7a, arquiteto e urbanista de 28 anos, frequentador ass\u00edduo do Complexo Tur\u00edstico.<\/p>\n<p><img loading=\"lazy\" decoding=\"async\" class=\"alignnone size-full wp-image-22523\" src=\"https:\/\/prosap.parauapebas.pa.gov.br\/wp-content\/uploads\/2025\/02\/zumba.jpg\" alt=\"\" width=\"585\" height=\"452\" srcset=\"https:\/\/prosap.parauapebas.pa.gov.br\/wp-content\/uploads\/2025\/02\/zumba.jpg 585w, https:\/\/prosap.parauapebas.pa.gov.br\/wp-content\/uploads\/2025\/02\/zumba-300x232.jpg 300w\" sizes=\"(max-width: 585px) 100vw, 585px\" \/>\u00a0 \u00a0 \u00a0 <img loading=\"lazy\" decoding=\"async\" class=\"alignnone size-large wp-image-22524\" src=\"https:\/\/prosap.parauapebas.pa.gov.br\/wp-content\/uploads\/2025\/02\/complexo-turistico-pessoas-caminhando-janeiro-10-1024x683.jpg\" alt=\"\" width=\"800\" height=\"534\" srcset=\"https:\/\/prosap.parauapebas.pa.gov.br\/wp-content\/uploads\/2025\/02\/complexo-turistico-pessoas-caminhando-janeiro-10-1024x683.jpg 1024w, https:\/\/prosap.parauapebas.pa.gov.br\/wp-content\/uploads\/2025\/02\/complexo-turistico-pessoas-caminhando-janeiro-10-300x200.jpg 300w, https:\/\/prosap.parauapebas.pa.gov.br\/wp-content\/uploads\/2025\/02\/complexo-turistico-pessoas-caminhando-janeiro-10-768x512.jpg 768w, https:\/\/prosap.parauapebas.pa.gov.br\/wp-content\/uploads\/2025\/02\/complexo-turistico-pessoas-caminhando-janeiro-10-1536x1024.jpg 1536w, https:\/\/prosap.parauapebas.pa.gov.br\/wp-content\/uploads\/2025\/02\/complexo-turistico-pessoas-caminhando-janeiro-10.jpg 2048w\" sizes=\"(max-width: 800px) 100vw, 800px\" \/><\/p>\n<p>Localizado na regi\u00e3o central da cidade, bairro Beira Rio, o local tamb\u00e9m \u00e9 fechado \u00e0s segundas-feiras para limpeza e manuten\u00e7\u00e3o e aberto para popula\u00e7\u00e3o das 6h \u00e0s 11h e das 16h \u00e0s 22h, com acesso gratuito e controlado.<\/p>\n<p>O agendamento para a utiliza\u00e7\u00e3o de alguns espa\u00e7os e realiza\u00e7\u00e3o de eventos como anivers\u00e1rios, ensaios fotogr\u00e1ficos, piqueniques e outros, pode ser feito pelo <strong>WhatsApp: (94) 9 9182-4366.<\/strong><\/p>\n<p>\u201cNossos espa\u00e7os t\u00eam sido amplamente utilizados, n\u00e3o s\u00f3 para pr\u00e1tica esportiva, mas tamb\u00e9m como ponto de socializa\u00e7\u00e3o e qualidade de vida para a popula\u00e7\u00e3o de Parauapebas\u201d, comenta a coordenadora do complexo, Kairoene Viana.<\/p>\n<p>&nbsp;<\/p>\n<p><img loading=\"lazy\" decoding=\"async\" class=\"alignnone wp-image-22525 size-medium\" src=\"https:\/\/prosap.parauapebas.pa.gov.br\/wp-content\/uploads\/2025\/02\/complexo-turistico-solo-janeiro-300x200.jpg\" alt=\"\" width=\"300\" height=\"200\" srcset=\"https:\/\/prosap.parauapebas.pa.gov.br\/wp-content\/uploads\/2025\/02\/complexo-turistico-solo-janeiro-300x200.jpg 300w, https:\/\/prosap.parauapebas.pa.gov.br\/wp-content\/uploads\/2025\/02\/complexo-turistico-solo-janeiro-1024x683.jpg 1024w, https:\/\/prosap.parauapebas.pa.gov.br\/wp-content\/uploads\/2025\/02\/complexo-turistico-solo-janeiro-768x512.jpg 768w, https:\/\/prosap.parauapebas.pa.gov.br\/wp-content\/uploads\/2025\/02\/complexo-turistico-solo-janeiro-1536x1024.jpg 1536w, https:\/\/prosap.parauapebas.pa.gov.br\/wp-content\/uploads\/2025\/02\/complexo-turistico-solo-janeiro.jpg 2048w\" sizes=\"(max-width: 300px) 100vw, 300px\" \/> \u00a0 \u00a0 <img loading=\"lazy\" decoding=\"async\" class=\"alignnone wp-image-22531 size-medium\" src=\"https:\/\/prosap.parauapebas.pa.gov.br\/wp-content\/uploads\/2025\/02\/complexo-turistico-bosque-janeiro-6-300x200.jpg\" alt=\"\" width=\"300\" height=\"200\" srcset=\"https:\/\/prosap.parauapebas.pa.gov.br\/wp-content\/uploads\/2025\/02\/complexo-turistico-bosque-janeiro-6-300x200.jpg 300w, https:\/\/prosap.parauapebas.pa.gov.br\/wp-content\/uploads\/2025\/02\/complexo-turistico-bosque-janeiro-6-1024x683.jpg 1024w, https:\/\/prosap.parauapebas.pa.gov.br\/wp-content\/uploads\/2025\/02\/complexo-turistico-bosque-janeiro-6-768x512.jpg 768w, https:\/\/prosap.parauapebas.pa.gov.br\/wp-content\/uploads\/2025\/02\/complexo-turistico-bosque-janeiro-6-1536x1024.jpg 1536w, https:\/\/prosap.parauapebas.pa.gov.br\/wp-content\/uploads\/2025\/02\/complexo-turistico-bosque-janeiro-6-2048x1365.jpg 2048w\" sizes=\"(max-width: 300px) 100vw, 300px\" \/>\u00a0 \u00a0<img loading=\"lazy\" decoding=\"async\" class=\"alignnone wp-image-22532 size-medium\" src=\"https:\/\/prosap.parauapebas.pa.gov.br\/wp-content\/uploads\/2025\/02\/complexo-turistico-bosque-janeiro-16-300x200.jpg\" alt=\"\" width=\"300\" height=\"200\" srcset=\"https:\/\/prosap.parauapebas.pa.gov.br\/wp-content\/uploads\/2025\/02\/complexo-turistico-bosque-janeiro-16-300x200.jpg 300w, https:\/\/prosap.parauapebas.pa.gov.br\/wp-content\/uploads\/2025\/02\/complexo-turistico-bosque-janeiro-16-1024x683.jpg 1024w, https:\/\/prosap.parauapebas.pa.gov.br\/wp-content\/uploads\/2025\/02\/complexo-turistico-bosque-janeiro-16-768x512.jpg 768w, https:\/\/prosap.parauapebas.pa.gov.br\/wp-content\/uploads\/2025\/02\/complexo-turistico-bosque-janeiro-16-1536x1024.jpg 1536w, https:\/\/prosap.parauapebas.pa.gov.br\/wp-content\/uploads\/2025\/02\/complexo-turistico-bosque-janeiro-16-2048x1365.jpg 2048w\" sizes=\"(max-width: 300px) 100vw, 300px\" \/><\/p>\n<p><strong>Texto: <\/strong>Nara Moura<\/p>\n<p><strong>Fotos: <\/strong>Arquivo Prosap<\/p>\n","protected":false},"excerpt":{"rendered":"<p>Pista de skate, de ciclismo e de caminhada, quadras poliesportivas (de areia, de v\u00f4lei, de basquete e de futebol de sal\u00e3o), academia ao ar livre, parquinho para as crian\u00e7as, \u00e1reas de jogos, \u00e1reas de patina\u00e7\u00e3o e \u00e1reas para zumba. Esses s\u00e3o alguns dos espa\u00e7os dispon\u00edveis no Complexo Tur\u00edstico e no Parque dos Ip\u00eas, locais que [&hellip;]<\/p>\n","protected":false},"author":11,"featured_media":22530,"comment_status":"open","ping_status":"open","sticky":false,"template":"","format":"standard","meta":{"_acf_changed":false,"_crdt_document":"","_joinchat":[],"footnotes":""},"categories":[21,8],"tags":[],"class_list":["post-22519","post","type-post","status-publish","format-standard","has-post-thumbnail","hentry","category-meio-ambiente","category-noticias"],"acf":[],"_links":{"self":[{"href":"https:\/\/prosap.parauapebas.pa.gov.br\/index.php\/wp-json\/wp\/v2\/posts\/22519","targetHints":{"allow":["GET"]}}],"collection":[{"href":"https:\/\/prosap.parauapebas.pa.gov.br\/index.php\/wp-json\/wp\/v2\/posts"}],"about":[{"href":"https:\/\/prosap.parauapebas.pa.gov.br\/index.php\/wp-json\/wp\/v2\/types\/post"}],"author":[{"embeddable":true,"href":"https:\/\/prosap.parauapebas.pa.gov.br\/index.php\/wp-json\/wp\/v2\/users\/11"}],"replies":[{"embeddable":true,"href":"https:\/\/prosap.parauapebas.pa.gov.br\/index.php\/wp-json\/wp\/v2\/comments?post=22519"}],"version-history":[{"count":7,"href":"https:\/\/prosap.parauapebas.pa.gov.br\/index.php\/wp-json\/wp\/v2\/posts\/22519\/revisions"}],"predecessor-version":[{"id":22539,"href":"https:\/\/prosap.parauapebas.pa.gov.br\/index.php\/wp-json\/wp\/v2\/posts\/22519\/revisions\/22539"}],"wp:featuredmedia":[{"embeddable":true,"href":"https:\/\/prosap.parauapebas.pa.gov.br\/index.php\/wp-json\/wp\/v2\/media\/22530"}],"wp:attachment":[{"href":"https:\/\/prosap.parauapebas.pa.gov.br\/index.php\/wp-json\/wp\/v2\/media?parent=22519"}],"wp:term":[{"taxonomy":"category","embeddable":true,"href":"https:\/\/prosap.parauapebas.pa.gov.br\/index.php\/wp-json\/wp\/v2\/categories?post=22519"},{"taxonomy":"post_tag","embeddable":true,"href":"https:\/\/prosap.parauapebas.pa.gov.br\/index.php\/wp-json\/wp\/v2\/tags?post=22519"}],"curies":[{"name":"wp","href":"https:\/\/api.w.org\/{rel}","templated":true}]}}